{"id":1,"date":"2025-03-28T11:58:00","date_gmt":"2025-03-28T10:58:00","guid":{"rendered":"https:\/\/www.syfabriken.se\/medlem\/?p=1"},"modified":"2025-04-14T17:30:46","modified_gmt":"2025-04-14T15:30:46","slug":"nyhetsbrev-250328","status":"publish","type":"post","link":"https:\/\/www.syfabriken.se\/medlem\/nyhetsbrev-250328\/","title":{"rendered":"Nyhetsbrev 250328"},"content":{"rendered":"\n<p class=\"wp-block-paragraph\">H\u00e4r kommer information om v\u00e5rens st\u00e4ddag, \u00e5rsm\u00f6te och insynsskydd av frostat glas ist\u00e4llet f\u00f6r tyg. <\/p>\n\n\n\n<p class=\"wp-block-paragraph\"><em><strong>St\u00e4ddag<\/strong><\/em> <br>Vi kommer att ha st\u00e4ddag p\u00e5 L\u00e5ngfredag, den 18 april kl. 10.00-12.00 f\u00f6r de som har m\u00f6jlighet. De som inte kan delta f\u00e5r g\u00e4rna g\u00f6ra en insats f\u00f6r att h\u00e5lla fastigheten ren och prydlig vid n\u00e5got annat tillf\u00e4lle, f\u00f6re eller efter st\u00e4ddagen. <\/p>\n\n\n\n<p class=\"wp-block-paragraph\"><em><strong>\u00c5rsm\u00f6te<\/strong><\/em> <br>\u00c5rsm\u00f6tet blir p\u00e5 Pingstafton, l\u00f6rdag den 7 juni kl. 10.00-12.00. <\/p>\n\n\n\n<p class=\"wp-block-paragraph\"><em><strong>Insynskydd av glas<\/strong><\/em> <br>Vi som bor \u201don the top\u201d inser att v\u00e5ra insynsskydd inte har n\u00e5gon l\u00e5ng livsl\u00e4ngd samt blir sv\u00e5rt \u00e5tg\u00e5ngna av vind och v\u00e4der! D\u00e4rf\u00f6r har vi klurat p\u00e5 frostat glas i st\u00e4llet.<\/p>\n\n\n\n<p class=\"wp-block-paragraph\">D\u00e5 vi \u00f6nskar ett enhetligt utseende p\u00e5 fastigheten (genom \u00e5ren har vi varit enhetliga vad g\u00e4ller f\u00e4rg p\u00e5 insynsskydden) \u00e4r f\u00f6ruts\u00e4ttningen att \u00e4ven insynsskydden i glas ska vara i de f\u00e4rger vi har beslutat om s\u00e5 de matchar insynsskydden i tyg. Metallr\u00e4ckena m\u00e5ste vara kvar d\u00e5 det g\u00e4ller s\u00e4kerhet.<\/p>\n\n\n\n<p class=\"wp-block-paragraph\">Jag har varit i kontakt med Lans Snickeri och Patrik Lans som har varit och m\u00e4tt mitt balkongr\u00e4cke och jag har f\u00e5tt en kostnadsuppgift per kvadratmeter.<\/p>\n\n\n\n<p class=\"wp-block-paragraph\">En glasskiva som \u00e4r ungef\u00e4r en kvadratmeter kostar 3700 kr. I priset ing\u00e5r 8,76 mm lamellglas med etsad film mellan glasen,&nbsp;4 st. h\u00e5l, 4 st. fixpoints samt 4 st. justerbara f\u00e4sten.<\/p>\n\n\n\n<p class=\"wp-block-paragraph\">Monteringen kostar ca. 500\u2013600kr\/glasskiva. Monteringen ger r\u00e4tt till rotavdrag och nu har ju regeringen best\u00e4mt att rotavdraget h\u00f6js till 50% fr\u00e5n och med 12 maj, s\u00e5 nu \u00e4r det ju l\u00e4ge!<\/p>\n\n\n\n<p class=\"wp-block-paragraph\">Efter rotavdrag blir allts\u00e5 den totala kvadratmeterkostnaden 3950\u20134000 kr.<\/p>\n\n\n\n<p class=\"wp-block-paragraph\">\u00c4r Du\/Ni intresserade av att installera frostat glas s\u00e5 kontakta mig!<\/p>\n\n\n\n<p class=\"wp-block-paragraph\">Pia Ericsson, e-post: <a href=\"mailto:pia.ericsson@ptj.se\" target=\"_blank\" rel=\"noreferrer noopener\">pia.ericsson@ptj.se<\/a>, telefon 070-3047860<\/p>\n\n\n\n<p class=\"wp-block-paragraph\">N\u00e4sta steg \u00e4r att styrelsen skickar in till Byggnadskontoret f\u00f6r k\u00e4nnedom.<\/p>\n\n\n\n<p class=\"wp-block-paragraph\">\/Pia<\/p>\n\n\n\n<p class=\"wp-block-paragraph\">Det var allt f\u00f6r den h\u00e4r g\u00e5ngen!<\/p>\n\n\n\n<p class=\"wp-block-paragraph\"><\/p>\n","protected":false},"excerpt":{"rendered":"<p>H\u00e4r kommer information om v\u00e5rens st\u00e4ddag, \u00e5rsm\u00f6te och insynsskydd av frostat glas ist\u00e4llet f\u00f6r tyg. St\u00e4ddag Vi kommer att ha st\u00e4ddag p\u00e5 L\u00e5ngfredag, den 18 april kl. 10.00-12.00 f\u00f6r de som har m\u00f6jlighet. De som inte kan delta f\u00e5r g\u00e4rna g\u00f6ra en insats f\u00f6r att h\u00e5lla fastigheten ren och prydlig vid n\u00e5got annat tillf\u00e4lle, f\u00f6re&#8230;<\/p>\n","protected":false},"author":1,"featured_media":0,"comment_status":"open","ping_status":"open","sticky":false,"template":"","format":"standard","meta":{"footnotes":""},"categories":[1],"tags":[8,9,7],"class_list":["post-1","post","type-post","status-publish","format-standard","hentry","category-okategoriserade","tag-arsmote","tag-insynsskydd","tag-staddag"],"_links":{"self":[{"href":"https:\/\/www.syfabriken.se\/medlem\/wp-json\/wp\/v2\/posts\/1","targetHints":{"allow":["GET"]}}],"collection":[{"href":"https:\/\/www.syfabriken.se\/medlem\/wp-json\/wp\/v2\/posts"}],"about":[{"href":"https:\/\/www.syfabriken.se\/medlem\/wp-json\/wp\/v2\/types\/post"}],"author":[{"embeddable":true,"href":"https:\/\/www.syfabriken.se\/medlem\/wp-json\/wp\/v2\/users\/1"}],"replies":[{"embeddable":true,"href":"https:\/\/www.syfabriken.se\/medlem\/wp-json\/wp\/v2\/comments?post=1"}],"version-history":[{"count":3,"href":"https:\/\/www.syfabriken.se\/medlem\/wp-json\/wp\/v2\/posts\/1\/revisions"}],"predecessor-version":[{"id":50,"href":"https:\/\/www.syfabriken.se\/medlem\/wp-json\/wp\/v2\/posts\/1\/revisions\/50"}],"wp:attachment":[{"href":"https:\/\/www.syfabriken.se\/medlem\/wp-json\/wp\/v2\/media?parent=1"}],"wp:term":[{"taxonomy":"category","embeddable":true,"href":"https:\/\/www.syfabriken.se\/medlem\/wp-json\/wp\/v2\/categories?post=1"},{"taxonomy":"post_tag","embeddable":true,"href":"https:\/\/www.syfabriken.se\/medlem\/wp-json\/wp\/v2\/tags?post=1"}],"curies":[{"name":"wp","href":"https:\/\/api.w.org\/{rel}","templated":true}]}}