{"id":51,"date":"2025-04-13T21:00:00","date_gmt":"2025-04-13T19:00:00","guid":{"rendered":"https:\/\/www.syfabriken.se\/medlem\/?p=51"},"modified":"2025-04-14T17:43:18","modified_gmt":"2025-04-14T15:43:18","slug":"nyhetsbrev-250413","status":"publish","type":"post","link":"https:\/\/www.syfabriken.se\/medlem\/nyhetsbrev-250413\/","title":{"rendered":"Nyhetsbrev 250413"},"content":{"rendered":"\n<p class=\"wp-block-paragraph\">Ni som inte har varit h\u00e4r under de senaste veckorna har inte sett att V\u00e4stvatten arbetar och har st\u00e4ngt av &#8221;v\u00e5r&#8221; gata. <\/p>\n\n\n\n<p class=\"wp-block-paragraph\">Enligt planen ska de vara klara imorgon kl.16.00. Det ser ju inte riktigt ut s\u00e5\u00a0<img decoding=\"async\" src=\"https:\/\/fonts.gstatic.com\/s\/e\/notoemoji\/16.0\/1f642\/32.png\" alt=\"\ud83d\ude42\"> <\/p>\n\n\n\n<figure class=\"wp-block-image size-large\"><img loading=\"lazy\" decoding=\"async\" width=\"768\" height=\"1024\" src=\"https:\/\/www.syfabriken.se\/medlem\/wp-content\/uploads\/sites\/2\/2025\/04\/gatuarbete_250413-768x1024.jpg\" alt=\"\" class=\"wp-image-52\" srcset=\"https:\/\/www.syfabriken.se\/medlem\/wp-content\/uploads\/sites\/2\/2025\/04\/gatuarbete_250413-768x1024.jpg 768w, https:\/\/www.syfabriken.se\/medlem\/wp-content\/uploads\/sites\/2\/2025\/04\/gatuarbete_250413-225x300.jpg 225w, https:\/\/www.syfabriken.se\/medlem\/wp-content\/uploads\/sites\/2\/2025\/04\/gatuarbete_250413-1152x1536.jpg 1152w, https:\/\/www.syfabriken.se\/medlem\/wp-content\/uploads\/sites\/2\/2025\/04\/gatuarbete_250413.jpg 1536w\" sizes=\"auto, (max-width: 768px) 100vw, 768px\" \/><\/figure>\n\n\n\n<p class=\"wp-block-paragraph\">Detta inneb\u00e4r att de kommunala parkeringsplatserna l\u00e4ngs H\u00f6jdlyckev\u00e4gen nu \u00e4r omvandlade till en gata d\u00e4r genomfartstrafiken l\u00f6per upp och ned. <\/p>\n\n\n\n<p class=\"wp-block-paragraph\">G\u00e4ster till oss som kommer med bilar har nu i stort sett inga parkeringsplatser utanf\u00f6r v\u00e5r fastighet p\u00e5 grund av detta (de kommunala platserna). Det \u00e4r d\u00e4rf\u00f6r viktigt att vi som bor parkerar p\u00e5 v\u00e5ra egna platser nere i garaget. T\u00e4nk bara p\u00e5 att vara f\u00f6rsiktig vid in- och utfart fr\u00e5n v\u00e5rt garage d\u00e5 bilar k\u00f6r \u00f6ver parkeringen utanf\u00f6r!<\/p>\n\n\n\n<p class=\"wp-block-paragraph\">Brf Syfabriken har tv\u00e5 platser p\u00e5 gaveln (23 och 24) och platserna 25-28 som vi f\u00e5r dela p\u00e5 broderligt och systerligt!<\/p>\n\n\n\n<p class=\"wp-block-paragraph\">I samh\u00e4llet finns det parkeringsplatser som g\u00e5r att nyttja n\u00e4r vi har bes\u00f6k.<\/p>\n\n\n\n<p class=\"wp-block-paragraph\"><\/p>\n","protected":false},"excerpt":{"rendered":"<p>Ni som inte har varit h\u00e4r under de senaste veckorna har inte sett att V\u00e4stvatten arbetar och har st\u00e4ngt av &#8221;v\u00e5r&#8221; gata. Enligt planen ska de vara klara imorgon kl.16.00. Det ser ju inte riktigt ut s\u00e5\u00a0 Detta inneb\u00e4r att de kommunala parkeringsplatserna l\u00e4ngs H\u00f6jdlyckev\u00e4gen nu \u00e4r omvandlade till en gata d\u00e4r genomfartstrafiken l\u00f6per upp&#8230;<\/p>\n","protected":false},"author":1,"featured_media":0,"comment_status":"open","ping_status":"open","sticky":false,"template":"","format":"standard","meta":{"footnotes":""},"categories":[1],"tags":[],"class_list":["post-51","post","type-post","status-publish","format-standard","hentry","category-okategoriserade"],"_links":{"self":[{"href":"https:\/\/www.syfabriken.se\/medlem\/wp-json\/wp\/v2\/posts\/51","targetHints":{"allow":["GET"]}}],"collection":[{"href":"https:\/\/www.syfabriken.se\/medlem\/wp-json\/wp\/v2\/posts"}],"about":[{"href":"https:\/\/www.syfabriken.se\/medlem\/wp-json\/wp\/v2\/types\/post"}],"author":[{"embeddable":true,"href":"https:\/\/www.syfabriken.se\/medlem\/wp-json\/wp\/v2\/users\/1"}],"replies":[{"embeddable":true,"href":"https:\/\/www.syfabriken.se\/medlem\/wp-json\/wp\/v2\/comments?post=51"}],"version-history":[{"count":1,"href":"https:\/\/www.syfabriken.se\/medlem\/wp-json\/wp\/v2\/posts\/51\/revisions"}],"predecessor-version":[{"id":53,"href":"https:\/\/www.syfabriken.se\/medlem\/wp-json\/wp\/v2\/posts\/51\/revisions\/53"}],"wp:attachment":[{"href":"https:\/\/www.syfabriken.se\/medlem\/wp-json\/wp\/v2\/media?parent=51"}],"wp:term":[{"taxonomy":"category","embeddable":true,"href":"https:\/\/www.syfabriken.se\/medlem\/wp-json\/wp\/v2\/categories?post=51"},{"taxonomy":"post_tag","embeddable":true,"href":"https:\/\/www.syfabriken.se\/medlem\/wp-json\/wp\/v2\/tags?post=51"}],"curies":[{"name":"wp","href":"https:\/\/api.w.org\/{rel}","templated":true}]}}